{"id":352,"date":"2026-04-10T15:47:28","date_gmt":"2026-04-10T13:47:28","guid":{"rendered":"https:\/\/finances-saines.ch\/?p=352"},"modified":"2026-04-10T16:48:09","modified_gmt":"2026-04-10T14:48:09","slug":"lafe-assez-de-contre-verites-la-population-merite-un-debat-honnete","status":"publish","type":"post","link":"https:\/\/finances-saines.ch\/de\/lafe-assez-de-contre-verites-la-population-merite-un-debat-honnete\/","title":{"rendered":"SKfG: Genug mit den Unwahrheiten \u2013 die Bev\u00f6lkerung verdient eine ehrliche Debatte"},"content":{"rendered":"<div class=\"et_pb_section_0 et_pb_section et_section_regular et_block_section preset--module--divi-section--default\">\n<div class=\"et_pb_row_0 et_pb_row et_block_row preset--module--divi-row--default\">\n<div class=\"et_pb_column_0 et_pb_column et_pb_column_4_4 et-last-child et_block_column et_pb_css_mix_blend_mode_passthrough\">\n<div class=\"et_pb_text_0 et_pb_text et_pb_bg_layout_light et_pb_module et_flex_module preset--module--divi-text--default\"><div class=\"et_pb_text_inner\"><h2>MEDIENMITTEILUNG<\/h2>\n<\/div><\/div>\n\n<div class=\"et_pb_text_1 et_pb_text et_pb_bg_layout_light et_pb_module et_flex_module preset--module--divi-text--default\"><div class=\"et_pb_text_inner\"><p><strong>Freiburg, 9. April 2026<\/strong><\/p>\n<p class=\"p1\"><strong>Im Hinblick auf die Abstimmung vom 26. April h\u00e4ufen die Gegnerinnen und Gegner des Gesetzes zur Sanierung der Kantonsfinanzen (SKfG) alarmistische Behauptungen. Das Komitee JA zum SKfG m\u00f6chte einige einfache Fakten in Erinnerung rufen: Bei mehreren sensiblen Themen schu\u0308rt die Linke bewusst Verwirrung, um den Stimmberechtigten Angst zu machen.<\/strong><\/p>\n<h3 class=\"p1\"><strong>Staatspersonal: Stellen und L\u00f6hne gesichert<\/strong><\/h3>\n<p class=\"p1\">Das SKfG zielt darauf ab, das Wachstum der Ausgaben zu bremsen \u2013 nicht darauf, Arbeitspl\u00e4tze abzubauen oder L\u00f6hne zu senken. Die Stellen bleiben erhalten und die L\u00f6hne werden nicht gek\u00fcrzt. Die Massnahmen betreffen lediglich eine vor\u00fcbergehende Verschiebung der Lohnstufen (Stufenanstiege) sowie eine angepasste Indexierung.<\/p>\n<p class=\"p1\">Solche Massnahmen sind nicht aussergew\u00f6hnlich: Auch in der Privatwirtschaft oder im Vereinswesen kommt es vor, dass Lohnerh\u00f6hungen vor\u00fcbergehend ausgesetzt oder verschoben werden, wenn es die finanzielle Lage erfordert. Dies stellt weder die Arbeit noch die Wertsch\u00e4tzung des Personals in Frage, sondern dient der langfristigen Stabilit\u00e4t.<\/p>\n<h3 class=\"p1\"><strong>Pflegeheime: keine Verschlechterung der Pflege<\/strong> <b><\/b><\/h3>\n<p class=\"p1\">Das SKfG f\u00fchrt weder zu einer Reduktion der Pflege noch der Betreuung oder der Begleitangebote in den Pflegeheimen. Die einzige \u00c4nderung betrifft eine h\u00f6here finanzielle Beteiligung einzelner Bewohnerinnen und Bewohner mit ausreichenden finanziellen Mitteln, ohne Auswirkungen auf Personen, die durch Erg\u00e4nzungsleistungen gesch\u00fctzt sind. Mehrere urspr\u00fcnglich vorgesehene Massnahmen wurden im \u00dcbrigen nach der Vernehmlassung zur\u00fcckgezogen \u2013 ein Beweis daf\u00fcr, dass der Staatsrat auf die R\u00fcckmeldungen aus der Praxis geh\u00f6rt hat.<\/p>\n<h3 class=\"p1\"><strong>Spit\u00e4ler: keine K\u00fcrzung der Leistungen<\/strong> <b><\/b><\/h3>\n<p class=\"p1\">Nichts im zur Abstimmung stehenden Gesetz sieht eine K\u00fcrzung der Spitalleistungen vor. Das SKfG enth\u00e4lt keinerlei Reduktion der gemeinwirtschaftlichen Leistungen (GWL). Das Gegenteil zu behaupten, ist falsch. Auch die L\u00f6hne des Personals sind nicht betroffen.<\/p>\n<h3 class=\"p1\"><strong>Kinderkrippen: keine direkten Auswirkungen<\/strong> <b><\/b><\/h3>\n<p class=\"p1\">Das SKfG hat keine direkten Auswirkungen auf die Kinderkrippen. Es werden weder Pl\u00e4tze noch Leistungen noch allgemeine Unterst\u00fctzungsbeitr\u00e4ge f\u00fcr Familien gestrichen. Gegenteilige Behauptungen sind Desinformation.<\/p>\n<h3 class=\"p1\"><strong>St\u00e4dtische Buslinien: keine Streichungen, sondern eine ausgewogenere Finanzierung<\/strong> <b><\/b><\/h3>\n<p class=\"p1\">Das SKfG streicht keine einzige Buslinie. Es sieht lediglich eine ausgewogenere Verteilung der Finanzierung des \u00f6ffentlichen Verkehrs vor. Die Hauptnutzniesser des Netzes werden etwas st\u00e4rker dazu beitragen. Die kantonale Solidarit\u00e4t bleibt bestehen: Ein wesentlicher Teil der Finanzierung wird weiterhin von s\u00e4mtlichen Freiburger Steuerzahlerinnen und Steuerzahlern getragen.<\/p>\n<h3 class=\"p1\"><strong>Landwirtschaft: nicht Gegenstand der Abstimmung<\/strong> <b><\/b><\/h3>\n<p class=\"p1\">Die Massnahmen, welche die Landwirtschaft betreffen, fallen in die ausschliessliche Zust\u00e4ndigkeit des Staatsrats und sind nicht Bestandteil des SKfG. Ein Nein zur Vorlage am 26. April wird diese Massnahmen daher nicht verhindern.<\/p>\n<h3 class=\"p1\"><strong>Eine ehrliche Debatte statt Karikaturen<\/strong> <b><\/b><\/h3>\n<p class=\"p1\">Das SKfG baut die \u00f6ffentlichen Leistungen nicht ab. Es zielt darauf ab, das Wachstum der Ausgaben zu begrenzen, um die Kantonsfinanzen zu stabilisieren und h\u00e4rtere Massnahmen in Zukunft zu vermeiden.<\/p>\n<p class=\"p1\">Die Bev\u00f6lkerung verdient es, auf der Grundlage von Fakten und nicht von \u00c4ngsten zu entscheiden. Deshalb sehen wir uns veranlasst, Aussagen richtigzustellen, die der demokratischen Debatte schaden.<\/p>\n<p class=\"p1\"><strong>Kontakte:<\/strong> <b><\/b><\/p>\n<ul class=\"ul1\">\n<li class=\"li2\">Luana Menoud-Baldi, Co-Pr\u00e4sidentin, 079 621 77 35<\/li>\n<li class=\"li2\">Claude Brodard, Co-Pr\u00e4sident, 079 420 16 72<\/li>\n<li class=\"li1\">Bruno Riedo, Co-Pr\u00e4sident, 079 396 91 99<\/li>\n<\/ul>\n<\/div><\/div>\n<\/div>\n<\/div>\n<\/div>","protected":false},"excerpt":{"rendered":"","protected":false},"author":1,"featured_media":0,"comment_status":"closed","ping_status":"closed","sticky":false,"template":"","format":"standard","meta":{"inline_featured_image":false,"footnotes":""},"categories":[15],"tags":[],"class_list":["post-352","post","type-post","status-publish","format-standard","hentry","category-communique-de-presse"],"_links":{"self":[{"href":"https:\/\/finances-saines.ch\/de\/wp-json\/wp\/v2\/posts\/352","targetHints":{"allow":["GET"]}}],"collection":[{"href":"https:\/\/finances-saines.ch\/de\/wp-json\/wp\/v2\/posts"}],"about":[{"href":"https:\/\/finances-saines.ch\/de\/wp-json\/wp\/v2\/types\/post"}],"author":[{"embeddable":true,"href":"https:\/\/finances-saines.ch\/de\/wp-json\/wp\/v2\/users\/1"}],"replies":[{"embeddable":true,"href":"https:\/\/finances-saines.ch\/de\/wp-json\/wp\/v2\/comments?post=352"}],"version-history":[{"count":5,"href":"https:\/\/finances-saines.ch\/de\/wp-json\/wp\/v2\/posts\/352\/revisions"}],"predecessor-version":[{"id":363,"href":"https:\/\/finances-saines.ch\/de\/wp-json\/wp\/v2\/posts\/352\/revisions\/363"}],"wp:attachment":[{"href":"https:\/\/finances-saines.ch\/de\/wp-json\/wp\/v2\/media?parent=352"}],"wp:term":[{"taxonomy":"category","embeddable":true,"href":"https:\/\/finances-saines.ch\/de\/wp-json\/wp\/v2\/categories?post=352"},{"taxonomy":"post_tag","embeddable":true,"href":"https:\/\/finances-saines.ch\/de\/wp-json\/wp\/v2\/tags?post=352"}],"curies":[{"name":"wp","href":"https:\/\/api.w.org\/{rel}","templated":true}]}}